{"id":61,"date":"2014-07-09T15:23:13","date_gmt":"2014-07-09T15:23:13","guid":{"rendered":"http:\/\/stadtsportverbandsoest.de\/?p=61"},"modified":"2014-12-24T16:47:50","modified_gmt":"2014-12-24T16:47:50","slug":"protokoll-jhv-2010-2","status":"publish","type":"post","link":"http:\/\/stadtsportverbandsoest.de\/?p=61","title":{"rendered":"Protokoll JHV 2010"},"content":{"rendered":"\n<p>Protokoll Jahreshauptversammlung Stadtsportverband am 17. Juni 2010<!--more--><\/p>\n<p>Vorsitzender Rainer Br\u00fcgger er\u00f6ffnete um 20 Uhr die Versammlung im Vereinsheim am Ardey, begr\u00fc\u00dfte neben den Vereinsvertretern B\u00fcrgermeister Dr. Eckhard Ruthemeyer, den Beigeordneten Peter Wapelhorst, Thomas N\u00fcbel vom Amt Schule\/Sport sowie Wolf Blesken als Vorsitzenden des Schulausschusses. Sofia Scholle stellte die Anzahl der Vereine fest, Michael Rusche verlas das Protokoll der Versammlung 2009, das einstimmig genehmigt wurde.<\/p>\n<p>Br\u00fcgger berichtete anschlie\u00dfend von einem ruhigen Jahr 2009, erinnerte daran, dass der Sport- im Schulausschuss aufgegangen sei. Der Sport m\u00fcsse sich in Zeiten knapper Kassen daran gew\u00f6hnen, dass gr\u00f6\u00dfere Ma\u00dfnahme \u00fcber Jahre geplant werden m\u00fcssten. Er stellte fest, dass es dem Sport in Soest immer gut gegangen sei, auch wenn gespart werden m\u00fcsse. Zur Neuausrichtung des Kreissportbundes bemerkte er, dass dank der Hilfe von Wolfgang Beckord und Volker Kaiser wichtige Satzungs\u00e4nderungen durchgebracht worden seien. So k\u00f6nne der Stadtsportverband ohne Beitrag Mitglieder im KSB werden. Br\u00fcgger ging auch kurz auf den gelungenen Sportvergleich Soest\/Soest ein, hofft, dass in zwei Jahren in der B\u00f6rde beim 60. Geburtstag mehr Sportler mitmachen. Sein Dank ging an die Verwaltung f\u00fcr die gute Zusammenarbeit.<\/p>\n<p>Jugendwart Ralf Gebel berichtete von gut verlaufenen Stadtmeisterschaften, aber geringen Teilnehmerzahlen beim Vielseitigkeitspokal. Br\u00fcgger verlas den Bericht des verhinderten Sportabzeichenobmanns Volker Wilmes, verk\u00fcndete gute Zahlen f\u00fcr Soest, sah aber noch Potenzial bei den Vereinen.<\/p>\n<p>Der Kassenbericht von Sofia Scholle fiel positiv aus, die Pr\u00fcfer Volker Kaiser und Lothar Klute bescheinigten eine tadellose Kassenf\u00fchrung, so dass der Vorstand einstimmig entlastet wurde.<\/p>\n<p>Bei den Wahlen wurden Alfred Paulokat als 2. Vorsitzender, Heike Spicker als Frauenwartin und Ralf Gebel als Jugendwart best\u00e4tigt. Da kein neuer Sportwart gefunden wurde, f\u00fcllen weiterhin Br\u00fcgger und Paulokat dieses Amt aus. Kassenpr\u00fcfer bleiben Kaiser und Klute. Alle Wahlen erfolgten einstimmig.<\/p>\n<p>Aufgrund des guten Kassenstands schlug Br\u00fcgger vor, den Beitrag 2011 auszusetzen, der Vorschlag wurde angenommen. Wolfgang Korz vom RSV Hansa Soest regte an, den Beitrag an den Mitgliedszahlen der Vereine zu orientieren, Dr. Michael Hense vom Soester TV schlug eine \u00c4nderung beim Stimmrecht im Verh\u00e4ltnis zur Mitgliederzahl vor.<\/p>\n<p>Ruthemeyer dankte in seiner Rede dem Stadtsportverband und den Vereinen f\u00fcr ihr Engagement, schaute nach gro\u00dfen Investitionen in den vergangenen Jahren nach vorne. Die Vereine m\u00fcssten sich auf die Herausforderungen durch die Offenen Ganztagsschulen und den demografischen Wandel einstellen, m\u00fcssten schauen, wie in Zukunft zu organisieren sei. Da erwarte er Bewegung bei den Vereinen.<\/p>\n<p>Um 20:42 Uhr schloss Br\u00fcgger die Versammlung.<\/p>\n","protected":false},"excerpt":{"rendered":"<p>Protokoll Jahreshauptversammlung Stadtsportverband am 17. Juni 2010<\/p>\n","protected":false},"author":1,"featured_media":0,"comment_status":"closed","ping_status":"open","sticky":false,"template":"","format":"standard","meta":{"footnotes":""},"categories":[2,3],"tags":[],"class_list":["post-61","post","type-post","status-publish","format-standard","hentry","category-aktuelles","category-protokolle"],"_links":{"self":[{"href":"http:\/\/stadtsportverbandsoest.de\/index.php?rest_route=\/wp\/v2\/posts\/61","targetHints":{"allow":["GET"]}}],"collection":[{"href":"http:\/\/stadtsportverbandsoest.de\/index.php?rest_route=\/wp\/v2\/posts"}],"about":[{"href":"http:\/\/stadtsportverbandsoest.de\/index.php?rest_route=\/wp\/v2\/types\/post"}],"author":[{"embeddable":true,"href":"http:\/\/stadtsportverbandsoest.de\/index.php?rest_route=\/wp\/v2\/users\/1"}],"replies":[{"embeddable":true,"href":"http:\/\/stadtsportverbandsoest.de\/index.php?rest_route=%2Fwp%2Fv2%2Fcomments&post=61"}],"version-history":[{"count":1,"href":"http:\/\/stadtsportverbandsoest.de\/index.php?rest_route=\/wp\/v2\/posts\/61\/revisions"}],"predecessor-version":[{"id":62,"href":"http:\/\/stadtsportverbandsoest.de\/index.php?rest_route=\/wp\/v2\/posts\/61\/revisions\/62"}],"wp:attachment":[{"href":"http:\/\/stadtsportverbandsoest.de\/index.php?rest_route=%2Fwp%2Fv2%2Fmedia&parent=61"}],"wp:term":[{"taxonomy":"category","embeddable":true,"href":"http:\/\/stadtsportverbandsoest.de\/index.php?rest_route=%2Fwp%2Fv2%2Fcategories&post=61"},{"taxonomy":"post_tag","embeddable":true,"href":"http:\/\/stadtsportverbandsoest.de\/index.php?rest_route=%2Fwp%2Fv2%2Ftags&post=61"}],"curies":[{"name":"wp","href":"https:\/\/api.w.org\/{rel}","templated":true}]}}